{"id":1371,"date":"2019-02-24T21:02:29","date_gmt":"2019-02-24T20:02:29","guid":{"rendered":"https:\/\/fryxellsantikvitetshandel.se\/?p=1371"},"modified":"2022-09-25T02:42:33","modified_gmt":"2022-09-25T00:42:33","slug":"217-10-st-barockstolar-1700-tal-med-gyllenl%c3%a4der-10-baroquechairs-with-guilted-leather-1800-century","status":"publish","type":"post","link":"https:\/\/fryxellsantikvitetshandel.se\/en\/2019\/02\/217-10-st-barockstolar-1700-tal-med-gyllenl%c3%a4der-10-baroquechairs-with-guilted-leather-1800-century\/","title":{"rendered":"217) 10 st barockstolar 1700-tal med gyllenl\u00e4der\/10 baroquechairs with guilted leather 1800 century"},"content":{"rendered":"<p>217 ) 10 barockstolar 1700-tal med en senare m\u00e5lning.<\/p>\n<p>Proviniens:konstn\u00e4ren Sam Uhrdin<\/p>\n<p>Pris:55000:- f\u00f6r alla 10<img loading=\"lazy\" decoding=\"async\" class=\"alignnone wp-image-2322\" src=\"https:\/\/fryxellsantikvitetshandel.se\/wp-content\/uploads\/2019\/02\/156.jpg\" alt=\"\" width=\"1200\" height=\"900\" srcset=\"https:\/\/fryxellsantikvitetshandel.se\/wp-content\/uploads\/2019\/02\/156.jpg 4032w, https:\/\/fryxellsantikvitetshandel.se\/wp-content\/uploads\/2019\/02\/156-400x300.jpg 400w, https:\/\/fryxellsantikvitetshandel.se\/wp-content\/uploads\/2019\/02\/156-768x576.jpg 768w, https:\/\/fryxellsantikvitetshandel.se\/wp-content\/uploads\/2019\/02\/156-1200x900.jpg 1200w\" sizes=\"auto, (max-width: 1200px) 100vw, 1200px\" \/><\/p>\n","protected":false},"excerpt":{"rendered":"<p>217 ) 10 barockstolar 1700-tal med en senare m\u00e5lning. Proviniens:konstn\u00e4ren Sam Uhrdin Pris:55000:- f\u00f6r alla 10<\/p>\n","protected":false},"author":2,"featured_media":0,"comment_status":"closed","ping_status":"closed","sticky":false,"template":"","format":"standard","meta":{"footnotes":""},"categories":[3],"tags":[],"class_list":["post-1371","post","type-post","status-publish","format-standard","hentry","category-mobler"],"_links":{"self":[{"href":"https:\/\/fryxellsantikvitetshandel.se\/en\/wp-json\/wp\/v2\/posts\/1371","targetHints":{"allow":["GET"]}}],"collection":[{"href":"https:\/\/fryxellsantikvitetshandel.se\/en\/wp-json\/wp\/v2\/posts"}],"about":[{"href":"https:\/\/fryxellsantikvitetshandel.se\/en\/wp-json\/wp\/v2\/types\/post"}],"author":[{"embeddable":true,"href":"https:\/\/fryxellsantikvitetshandel.se\/en\/wp-json\/wp\/v2\/users\/2"}],"replies":[{"embeddable":true,"href":"https:\/\/fryxellsantikvitetshandel.se\/en\/wp-json\/wp\/v2\/comments?post=1371"}],"version-history":[{"count":3,"href":"https:\/\/fryxellsantikvitetshandel.se\/en\/wp-json\/wp\/v2\/posts\/1371\/revisions"}],"predecessor-version":[{"id":2324,"href":"https:\/\/fryxellsantikvitetshandel.se\/en\/wp-json\/wp\/v2\/posts\/1371\/revisions\/2324"}],"wp:attachment":[{"href":"https:\/\/fryxellsantikvitetshandel.se\/en\/wp-json\/wp\/v2\/media?parent=1371"}],"wp:term":[{"taxonomy":"category","embeddable":true,"href":"https:\/\/fryxellsantikvitetshandel.se\/en\/wp-json\/wp\/v2\/categories?post=1371"},{"taxonomy":"post_tag","embeddable":true,"href":"https:\/\/fryxellsantikvitetshandel.se\/en\/wp-json\/wp\/v2\/tags?post=1371"}],"curies":[{"name":"wp","href":"https:\/\/api.w.org\/{rel}","templated":true}]}}