{"id":1466,"date":"2019-04-10T18:46:00","date_gmt":"2019-04-10T16:46:00","guid":{"rendered":"https:\/\/fryxellsantikvitetshandel.se\/?p=1466"},"modified":"2024-10-09T01:30:03","modified_gmt":"2024-10-08T23:30:03","slug":"185-6-gustavianska-stolar-med-en-senare-m%c3%a5lning-publ-10-4-19","status":"publish","type":"post","link":"https:\/\/fryxellsantikvitetshandel.se\/en\/2019\/04\/185-6-gustavianska-stolar-med-en-senare-m%c3%a5lning-publ-10-4-19\/","title":{"rendered":"185.) 10 gustavianska stolar med en senare m\u00e5lning (publ.9\/5-22)"},"content":{"rendered":"<p>185.) Pris- 12 st \u00e4r k\u00f6pta,men jag har f\u00e5tt in fler och idag finns det 8 st att tillg\u00e5<\/p>\n<p>.<img loading=\"lazy\" decoding=\"async\" class=\"alignnone size-medium wp-image-1210\" src=\"https:\/\/fryxellsantikvitetshandel.se\/wp-content\/uploads\/2018\/03\/0731-400x300.jpg\" alt=\"\" width=\"400\" height=\"300\" srcset=\"https:\/\/fryxellsantikvitetshandel.se\/wp-content\/uploads\/2018\/03\/0731-400x300.jpg 400w, https:\/\/fryxellsantikvitetshandel.se\/wp-content\/uploads\/2018\/03\/0731-600x450.jpg 600w\" sizes=\"auto, (max-width: 400px) 100vw, 400px\" \/><\/p>\n","protected":false},"excerpt":{"rendered":"<p>185.) Pris- 12 st \u00e4r k\u00f6pta,men jag har f\u00e5tt in fler och idag finns det 8 st att tillg\u00e5 .<\/p>\n","protected":false},"author":2,"featured_media":0,"comment_status":"closed","ping_status":"closed","sticky":false,"template":"","format":"standard","meta":{"footnotes":""},"categories":[3],"tags":[],"class_list":["post-1466","post","type-post","status-publish","format-standard","hentry","category-mobler"],"_links":{"self":[{"href":"https:\/\/fryxellsantikvitetshandel.se\/en\/wp-json\/wp\/v2\/posts\/1466","targetHints":{"allow":["GET"]}}],"collection":[{"href":"https:\/\/fryxellsantikvitetshandel.se\/en\/wp-json\/wp\/v2\/posts"}],"about":[{"href":"https:\/\/fryxellsantikvitetshandel.se\/en\/wp-json\/wp\/v2\/types\/post"}],"author":[{"embeddable":true,"href":"https:\/\/fryxellsantikvitetshandel.se\/en\/wp-json\/wp\/v2\/users\/2"}],"replies":[{"embeddable":true,"href":"https:\/\/fryxellsantikvitetshandel.se\/en\/wp-json\/wp\/v2\/comments?post=1466"}],"version-history":[{"count":6,"href":"https:\/\/fryxellsantikvitetshandel.se\/en\/wp-json\/wp\/v2\/posts\/1466\/revisions"}],"predecessor-version":[{"id":2586,"href":"https:\/\/fryxellsantikvitetshandel.se\/en\/wp-json\/wp\/v2\/posts\/1466\/revisions\/2586"}],"wp:attachment":[{"href":"https:\/\/fryxellsantikvitetshandel.se\/en\/wp-json\/wp\/v2\/media?parent=1466"}],"wp:term":[{"taxonomy":"category","embeddable":true,"href":"https:\/\/fryxellsantikvitetshandel.se\/en\/wp-json\/wp\/v2\/categories?post=1466"},{"taxonomy":"post_tag","embeddable":true,"href":"https:\/\/fryxellsantikvitetshandel.se\/en\/wp-json\/wp\/v2\/tags?post=1466"}],"curies":[{"name":"wp","href":"https:\/\/api.w.org\/{rel}","templated":true}]}}