{"id":2735,"date":"2025-10-05T12:24:52","date_gmt":"2025-10-05T10:24:52","guid":{"rendered":"https:\/\/fryxellsantikvitetshandel.se\/?p=2735"},"modified":"2025-10-05T12:24:53","modified_gmt":"2025-10-05T10:24:53","slug":"435-gustaviansk-sang","status":"publish","type":"post","link":"https:\/\/fryxellsantikvitetshandel.se\/en\/2025\/10\/435-gustaviansk-sang\/","title":{"rendered":"435 ) Gustaviansk s\u00e4ng"},"content":{"rendered":"\n<p>Med fantastiska sk\u00e4rningar och snickerier. Senare m\u00e5lning.<\/p>\n\n\n\n<figure class=\"wp-block-image size-full\"><img loading=\"lazy\" decoding=\"async\" width=\"638\" height=\"640\" src=\"https:\/\/fryxellsantikvitetshandel.se\/wp-content\/uploads\/2025\/10\/7FD213B5-87FC-4805-B0F0-217EFE92E746.jpg\" alt=\"\" class=\"wp-image-2736\" srcset=\"https:\/\/fryxellsantikvitetshandel.se\/wp-content\/uploads\/2025\/10\/7FD213B5-87FC-4805-B0F0-217EFE92E746.jpg 638w, https:\/\/fryxellsantikvitetshandel.se\/wp-content\/uploads\/2025\/10\/7FD213B5-87FC-4805-B0F0-217EFE92E746-400x400.jpg 400w, https:\/\/fryxellsantikvitetshandel.se\/wp-content\/uploads\/2025\/10\/7FD213B5-87FC-4805-B0F0-217EFE92E746-150x150.jpg 150w\" sizes=\"auto, (max-width: 638px) 100vw, 638px\" \/><\/figure>\n\n\n\n<p>M\u00e5tt : Innerm\u00e5tt B. 80 cm ,L ca 186 cm<\/p>\n\n\n\n<p>Pris: 9900:-<\/p>\n\n\n\n<p><\/p>\n","protected":false},"excerpt":{"rendered":"<p>Med fantastiska sk\u00e4rningar och snickerier. Senare m\u00e5lning. M\u00e5tt : Innerm\u00e5tt B. 80 cm ,L ca 186 cm Pris: 9900:-<\/p>\n","protected":false},"author":2,"featured_media":0,"comment_status":"closed","ping_status":"closed","sticky":false,"template":"","format":"standard","meta":{"footnotes":""},"categories":[3],"tags":[],"class_list":["post-2735","post","type-post","status-publish","format-standard","hentry","category-mobler"],"_links":{"self":[{"href":"https:\/\/fryxellsantikvitetshandel.se\/en\/wp-json\/wp\/v2\/posts\/2735","targetHints":{"allow":["GET"]}}],"collection":[{"href":"https:\/\/fryxellsantikvitetshandel.se\/en\/wp-json\/wp\/v2\/posts"}],"about":[{"href":"https:\/\/fryxellsantikvitetshandel.se\/en\/wp-json\/wp\/v2\/types\/post"}],"author":[{"embeddable":true,"href":"https:\/\/fryxellsantikvitetshandel.se\/en\/wp-json\/wp\/v2\/users\/2"}],"replies":[{"embeddable":true,"href":"https:\/\/fryxellsantikvitetshandel.se\/en\/wp-json\/wp\/v2\/comments?post=2735"}],"version-history":[{"count":1,"href":"https:\/\/fryxellsantikvitetshandel.se\/en\/wp-json\/wp\/v2\/posts\/2735\/revisions"}],"predecessor-version":[{"id":2737,"href":"https:\/\/fryxellsantikvitetshandel.se\/en\/wp-json\/wp\/v2\/posts\/2735\/revisions\/2737"}],"wp:attachment":[{"href":"https:\/\/fryxellsantikvitetshandel.se\/en\/wp-json\/wp\/v2\/media?parent=2735"}],"wp:term":[{"taxonomy":"category","embeddable":true,"href":"https:\/\/fryxellsantikvitetshandel.se\/en\/wp-json\/wp\/v2\/categories?post=2735"},{"taxonomy":"post_tag","embeddable":true,"href":"https:\/\/fryxellsantikvitetshandel.se\/en\/wp-json\/wp\/v2\/tags?post=2735"}],"curies":[{"name":"wp","href":"https:\/\/api.w.org\/{rel}","templated":true}]}}